{"id":3916,"date":"2023-08-24T12:53:47","date_gmt":"2023-08-24T12:53:47","guid":{"rendered":"https:\/\/siemi.com.py\/?p=3916"},"modified":"2024-11-20T12:30:54","modified_gmt":"2024-11-20T12:30:54","slug":"centro-de-datos","status":"publish","type":"post","link":"https:\/\/siemi.com.py\/index.php\/2023\/08\/24\/centro-de-datos\/","title":{"rendered":"Centro de datos modulares integrados maximiza los beneficios operativos"},"content":{"rendered":"<div class=\"fusion-fullwidth fullwidth-box fusion-builder-row-1 fusion-flex-container has-pattern-background has-mask-background nonhundred-percent-fullwidth non-hundred-percent-height-scrolling\" style=\"--awb-border-radius-top-left:0px;--awb-border-radius-top-right:0px;--awb-border-radius-bottom-right:0px;--awb-border-radius-bottom-left:0px;\" ><div class=\"fusion-builder-row fusion-row fusion-flex-align-items-flex-start\" style=\"max-width:1227.2px;margin-left: calc(-4% \/ 2 );margin-right: calc(-4% \/ 2 );\"><div class=\"fusion-layout-column fusion_builder_column fusion-builder-column-0 fusion_builder_column_1_1 1_1 fusion-flex-column\" style=\"--awb-bg-size:cover;--awb-width-large:100%;--awb-margin-top-large:15px;--awb-spacing-right-large:1.92%;--awb-margin-bottom-large:15px;--awb-spacing-left-large:1.92%;--awb-width-medium:100%;--awb-order-medium:0;--awb-spacing-right-medium:1.92%;--awb-spacing-left-medium:1.92%;--awb-width-small:100%;--awb-order-small:0;--awb-spacing-right-small:1.92%;--awb-spacing-left-small:1.92%;\"><div class=\"fusion-column-wrapper fusion-column-has-shadow fusion-flex-justify-content-flex-start fusion-content-layout-column\"><div class=\"fusion-text fusion-text-1\" style=\"--awb-text-color:#d0d0e8;\"><p>Los clientes que eligen los servicios de mantenimiento a la hora de comprar los Centro de datos modulares integrados<a href=\"https:\/\/siemi.com.py\/index.php\/data-center\/\">modulares integrados<\/a> de Vertiv\u2122 (IMS) reconocen los beneficios desde el arranque hasta el final de la vida \u00fatil de las soluciones.<\/p>\n<p>La integraci\u00f3n en la f\u00e1brica es habitual en la industria, pero muchos proveedores solo entregan una caja y dejan la configuraci\u00f3n y el arranque en manos del cliente. Los\u00a0<strong>servicios IMS de Vertiv<\/strong>\u00a0se aseguran de que la soluci\u00f3n se configure de forma adecuada y que el arranque tenga lugar en el sitio sin inconvenientes. Este es el primer paso para maximizar la disponibilidad, la confiabilidad y la eficiencia a largo plazo.<\/p>\n<h3>El arranque<\/h3>\n<p>Siguiendo el enfoque de dise\u00f1o personalizado de Vertiv y las pruebas previas de la soluci\u00f3n en la f\u00e1brica, y despu\u00e9s de la instalaci\u00f3n el\u00e9ctrica y mec\u00e1nica, los t\u00e9cnicos de Vertiv autorizados y capacitados en f\u00e1brica, quienes cuentan con herramientas y software patentados, llevan a cabo actividades de arranque seg\u00fan los est\u00e1ndares de calidad de Vertiv. Para garantizar una integraci\u00f3n perfecta del centro de datos, el t\u00e9cnico alimenta la soluci\u00f3n modular, verifica todas las configuraciones correspondientes y las ajusta seg\u00fan sea necesario. Adem\u00e1s, ofrece conocimientos especializados para los sistemas el\u00e9ctricos, de gerenciamiento t\u00e9rmico, de bater\u00edas y de alarmas contra incendios, los cuales no se conectan durante el env\u00edo. Para validar la garant\u00eda de la soluci\u00f3n, los t\u00e9cnicos realizan el arranque de los productos Vertiv y supervisan el arranque y la puesta en marcha de los productos de otros fabricantes.<\/p>\n<p>Durante estos servicios de arranque, el t\u00e9cnico presta mucha atenci\u00f3n a las condiciones ambientales en el gabinete y se asegura de que la fabricaci\u00f3n del m\u00f3dulo y las integraciones de los equipos tambi\u00e9n cumplan con los m\u00e1s altos est\u00e1ndares. Sin embargo, este es solo el paso inicial de una serie de servicios ofrecidos por Vertiv para darles un mantenimiento adecuado a estas soluciones a lo largo de su ciclo de vida.<\/p>\n<p>Las soluciones modulares integradas son un m\u00e9todo para agregar capacidad de forma r\u00e1pida, sencilla y rentable. El componente de servicios amplifica estos beneficios, lleva todo el proyecto hasta su finalizaci\u00f3n y minimiza las necesidades puestas en los equipos de instalaciones o de TI de los clientes.<\/p>\n<h3>Soporte a lo largo del ciclo de vida del Centro de Datos<\/h3>\n<p>Las ofertas de productos y servicios de Vertiv tienen el objetivo de aumentar el tiempo promedio entre fallos (MTBF) y disminuir los costos operativos. El mantenimiento regular por parte de un profesional de Vertiv capacitado en f\u00e1brica es fundamental para alcanzar estos objetivos. De hecho, un\u00a0<a href=\"https:\/\/www.vertiv.com\/49be24\/globalassets\/shared\/the-effect-of-regular-skilled-preventive-maintenance-and-remote-monitoring-on-critical-power-system-reliability-.pdf\">estudio<\/a>\u00a0sde Vertiv mostr\u00f3 que el MTBF para las unidades UPS que recibieron dos visitas de mantenimiento preventivo anuales es 23 veces mayor que una m\u00e1quina sin mantenimiento preventivo anual. Al completar las visitas de mantenimiento preventivo para las soluciones modulares integradas (como el\u00a0<a href=\"https:\/\/www.vertiv.com\/es-latam\/products-catalog\/instalaciones-gabinetes-y-racks\/integrated-solutions\/vertiv-smartmod\/\">Vertiv\u2122 SmartMod\u2122<\/a>\u00a0y el\u00a0<a href=\"https:\/\/www.vertiv.com\/49e36a\/globalassets\/products\/critical-power\/integrated-solutions\/smartmod-max\/smartmod-max-brochure.pdf\">Vertiv\u2122 SmartMod\u2122 MAX<\/a>), usted estar\u00e1 protegiendo tanto el funcionamiento como la eficiencia.<\/p>\n<p>Vertiv es su recurso integral para todas las necesidades de servicio de un sistema modular. Nuestros t\u00e9cnicos capacitados en f\u00e1brica est\u00e1n a su disposici\u00f3n para realizar los servicios necesarios en el curso regular de la vida del equipo, como el reemplazo de las bater\u00edas y los capacitores, las actualizaciones y reemplazos de los ventiladores, y la optimizaci\u00f3n del equipo. La naturaleza cr\u00edtica de TI implica que los t\u00e9cnicos podr\u00edan necesitarse urgentemente y nuestra cobertura global le permite a Vertiv ofrecer uno de los principales tiempos de respuesta en la industria por parte de un equipo de t\u00e9cnicos de servicio, el cual es uno de los m\u00e1s grandes \u2014sino el m\u00e1s grande\u2014 en el mundo.<\/p>\n<p>Conozca m\u00e1s sobre los\u00a0<a href=\"https:\/\/www.vertiv.com\/es-latam\/productos\/services-new\/\">servicios de Vertiv<\/a>\u00a0en su regi\u00f3n.<\/p>\n<\/div><\/div><\/div><\/div><\/div>\n","protected":false},"excerpt":{"rendered":"","protected":false},"author":1,"featured_media":3919,"comment_status":"open","ping_status":"closed","sticky":false,"template":"","format":"standard","meta":{"_joinchat":[],"footnotes":""},"categories":[87],"tags":[],"class_list":["post-3916","post","type-post","status-publish","format-standard","has-post-thumbnail","hentry","category-informativas"],"yoast_head":"<!-- This site is optimized with the Yoast SEO plugin v27.5 - https:\/\/yoast.com\/product\/yoast-seo-wordpress\/ -->\n<title>Centro de datos modulares integrados maximiza los beneficios operativos &#8211; SIEMI S.R.L.<\/title>\n<meta name=\"description\" content=\"Centro de datos ofrece soluciones modulares integradas, maximizando confiabilidad y eficiencia para su infraestructura.\" \/>\n<meta name=\"robots\" content=\"index, follow, max-snippet:-1, max-image-preview:large, max-video-preview:-1\" \/>\n<link rel=\"canonical\" href=\"https:\/\/siemi.com.py\/index.php\/2023\/08\/24\/centro-de-datos\/\" \/>\n<meta property=\"og:locale\" content=\"es_ES\" \/>\n<meta property=\"og:type\" content=\"article\" \/>\n<meta property=\"og:title\" content=\"Centro de datos modulares integrados maximiza los beneficios operativos &#8211; SIEMI S.R.L.\" \/>\n<meta property=\"og:description\" content=\"Centro de datos ofrece soluciones modulares integradas, maximizando confiabilidad y eficiencia para su infraestructura.\" \/>\n<meta property=\"og:url\" content=\"https:\/\/siemi.com.py\/index.php\/2023\/08\/24\/centro-de-datos\/\" \/>\n<meta property=\"og:site_name\" content=\"SIEMI S.R.L.\" \/>\n<meta property=\"article:publisher\" content=\"https:\/\/www.facebook.com\/siemi.py\/\" \/>\n<meta property=\"article:published_time\" content=\"2023-08-24T12:53:47+00:00\" \/>\n<meta property=\"article:modified_time\" content=\"2024-11-20T12:30:54+00:00\" \/>\n<meta property=\"og:image\" content=\"https:\/\/siemi.com.py\/wp-content\/uploads\/2023\/08\/data-center.jpg\" \/>\n\t<meta property=\"og:image:width\" content=\"1600\" \/>\n\t<meta property=\"og:image:height\" content=\"480\" \/>\n\t<meta property=\"og:image:type\" content=\"image\/jpeg\" \/>\n<meta name=\"author\" content=\"admin\" \/>\n<meta name=\"twitter:card\" content=\"summary_large_image\" \/>\n<meta name=\"twitter:label1\" content=\"Escrito por\" \/>\n\t<meta name=\"twitter:data1\" content=\"admin\" \/>\n\t<meta name=\"twitter:label2\" content=\"Tiempo de lectura\" \/>\n\t<meta name=\"twitter:data2\" content=\"5 minutos\" \/>\n<script type=\"application\/ld+json\" class=\"yoast-schema-graph\">{\"@context\":\"https:\\\/\\\/schema.org\",\"@graph\":[{\"@type\":\"Article\",\"@id\":\"https:\\\/\\\/siemi.com.py\\\/index.php\\\/2023\\\/08\\\/24\\\/centro-de-datos\\\/#article\",\"isPartOf\":{\"@id\":\"https:\\\/\\\/siemi.com.py\\\/index.php\\\/2023\\\/08\\\/24\\\/centro-de-datos\\\/\"},\"author\":{\"name\":\"admin\",\"@id\":\"https:\\\/\\\/siemi.com.py\\\/#\\\/schema\\\/person\\\/7b2e63159232c0bc5430da6b3489db6c\"},\"headline\":\"Centro de datos modulares integrados maximiza los beneficios operativos\",\"datePublished\":\"2023-08-24T12:53:47+00:00\",\"dateModified\":\"2024-11-20T12:30:54+00:00\",\"mainEntityOfPage\":{\"@id\":\"https:\\\/\\\/siemi.com.py\\\/index.php\\\/2023\\\/08\\\/24\\\/centro-de-datos\\\/\"},\"wordCount\":1596,\"commentCount\":0,\"publisher\":{\"@id\":\"https:\\\/\\\/siemi.com.py\\\/#organization\"},\"image\":{\"@id\":\"https:\\\/\\\/siemi.com.py\\\/index.php\\\/2023\\\/08\\\/24\\\/centro-de-datos\\\/#primaryimage\"},\"thumbnailUrl\":\"https:\\\/\\\/siemi.com.py\\\/wp-content\\\/uploads\\\/2023\\\/08\\\/data-center.jpg\",\"articleSection\":[\"Informativas\"],\"inLanguage\":\"es\",\"potentialAction\":[{\"@type\":\"CommentAction\",\"name\":\"Comment\",\"target\":[\"https:\\\/\\\/siemi.com.py\\\/index.php\\\/2023\\\/08\\\/24\\\/centro-de-datos\\\/#respond\"]}]},{\"@type\":\"WebPage\",\"@id\":\"https:\\\/\\\/siemi.com.py\\\/index.php\\\/2023\\\/08\\\/24\\\/centro-de-datos\\\/\",\"url\":\"https:\\\/\\\/siemi.com.py\\\/index.php\\\/2023\\\/08\\\/24\\\/centro-de-datos\\\/\",\"name\":\"Centro de datos modulares integrados maximiza los beneficios operativos &#8211; SIEMI S.R.L.\",\"isPartOf\":{\"@id\":\"https:\\\/\\\/siemi.com.py\\\/#website\"},\"primaryImageOfPage\":{\"@id\":\"https:\\\/\\\/siemi.com.py\\\/index.php\\\/2023\\\/08\\\/24\\\/centro-de-datos\\\/#primaryimage\"},\"image\":{\"@id\":\"https:\\\/\\\/siemi.com.py\\\/index.php\\\/2023\\\/08\\\/24\\\/centro-de-datos\\\/#primaryimage\"},\"thumbnailUrl\":\"https:\\\/\\\/siemi.com.py\\\/wp-content\\\/uploads\\\/2023\\\/08\\\/data-center.jpg\",\"datePublished\":\"2023-08-24T12:53:47+00:00\",\"dateModified\":\"2024-11-20T12:30:54+00:00\",\"description\":\"Centro de datos ofrece soluciones modulares integradas, maximizando confiabilidad y eficiencia para su infraestructura.\",\"breadcrumb\":{\"@id\":\"https:\\\/\\\/siemi.com.py\\\/index.php\\\/2023\\\/08\\\/24\\\/centro-de-datos\\\/#breadcrumb\"},\"inLanguage\":\"es\",\"potentialAction\":[{\"@type\":\"ReadAction\",\"target\":[\"https:\\\/\\\/siemi.com.py\\\/index.php\\\/2023\\\/08\\\/24\\\/centro-de-datos\\\/\"]}]},{\"@type\":\"ImageObject\",\"inLanguage\":\"es\",\"@id\":\"https:\\\/\\\/siemi.com.py\\\/index.php\\\/2023\\\/08\\\/24\\\/centro-de-datos\\\/#primaryimage\",\"url\":\"https:\\\/\\\/siemi.com.py\\\/wp-content\\\/uploads\\\/2023\\\/08\\\/data-center.jpg\",\"contentUrl\":\"https:\\\/\\\/siemi.com.py\\\/wp-content\\\/uploads\\\/2023\\\/08\\\/data-center.jpg\",\"width\":1600,\"height\":480,\"caption\":\"Data Center Paraguay Siemi\"},{\"@type\":\"BreadcrumbList\",\"@id\":\"https:\\\/\\\/siemi.com.py\\\/index.php\\\/2023\\\/08\\\/24\\\/centro-de-datos\\\/#breadcrumb\",\"itemListElement\":[{\"@type\":\"ListItem\",\"position\":1,\"name\":\"Portada\",\"item\":\"https:\\\/\\\/siemi.com.py\\\/\"},{\"@type\":\"ListItem\",\"position\":2,\"name\":\"Centro de datos modulares integrados maximiza los beneficios operativos\"}]},{\"@type\":\"WebSite\",\"@id\":\"https:\\\/\\\/siemi.com.py\\\/#website\",\"url\":\"https:\\\/\\\/siemi.com.py\\\/\",\"name\":\"SIEMI S.R.L.\",\"description\":\"Soluciones El\u00e9ctricas y Electromec\u00e1nicas\",\"publisher\":{\"@id\":\"https:\\\/\\\/siemi.com.py\\\/#organization\"},\"potentialAction\":[{\"@type\":\"SearchAction\",\"target\":{\"@type\":\"EntryPoint\",\"urlTemplate\":\"https:\\\/\\\/siemi.com.py\\\/?s={search_term_string}\"},\"query-input\":{\"@type\":\"PropertyValueSpecification\",\"valueRequired\":true,\"valueName\":\"search_term_string\"}}],\"inLanguage\":\"es\"},{\"@type\":\"Organization\",\"@id\":\"https:\\\/\\\/siemi.com.py\\\/#organization\",\"name\":\"SIEMI S.R.L\",\"url\":\"https:\\\/\\\/siemi.com.py\\\/\",\"logo\":{\"@type\":\"ImageObject\",\"inLanguage\":\"es\",\"@id\":\"https:\\\/\\\/siemi.com.py\\\/#\\\/schema\\\/logo\\\/image\\\/\",\"url\":\"https:\\\/\\\/siemi.com.py\\\/wp-content\\\/uploads\\\/2021\\\/09\\\/Sin-Fondo-.-Celeste.png\",\"contentUrl\":\"https:\\\/\\\/siemi.com.py\\\/wp-content\\\/uploads\\\/2021\\\/09\\\/Sin-Fondo-.-Celeste.png\",\"width\":993,\"height\":293,\"caption\":\"SIEMI S.R.L\"},\"image\":{\"@id\":\"https:\\\/\\\/siemi.com.py\\\/#\\\/schema\\\/logo\\\/image\\\/\"},\"sameAs\":[\"https:\\\/\\\/www.facebook.com\\\/siemi.py\\\/\",\"https:\\\/\\\/www.instagram.com\\\/siemi.py\\\/\",\"https:\\\/\\\/www.linkedin.com\\\/company\\\/siemisrl\\\/\"]},{\"@type\":\"Person\",\"@id\":\"https:\\\/\\\/siemi.com.py\\\/#\\\/schema\\\/person\\\/7b2e63159232c0bc5430da6b3489db6c\",\"name\":\"admin\",\"image\":{\"@type\":\"ImageObject\",\"inLanguage\":\"es\",\"@id\":\"https:\\\/\\\/secure.gravatar.com\\\/avatar\\\/b76d48d3150ce28d09b7a4c7ea3525f3584ac8680c23a21cf35aa3451360a662?s=96&d=mm&r=g\",\"url\":\"https:\\\/\\\/secure.gravatar.com\\\/avatar\\\/b76d48d3150ce28d09b7a4c7ea3525f3584ac8680c23a21cf35aa3451360a662?s=96&d=mm&r=g\",\"contentUrl\":\"https:\\\/\\\/secure.gravatar.com\\\/avatar\\\/b76d48d3150ce28d09b7a4c7ea3525f3584ac8680c23a21cf35aa3451360a662?s=96&d=mm&r=g\",\"caption\":\"admin\"},\"sameAs\":[\"https:\\\/\\\/siemi.com.py\"],\"url\":\"https:\\\/\\\/siemi.com.py\\\/index.php\\\/author\\\/estebandavidat\\\/\"}]}<\/script>\n<!-- \/ Yoast SEO plugin. -->","yoast_head_json":{"title":"Centro de datos modulares integrados maximiza los beneficios operativos &#8211; SIEMI S.R.L.","description":"Centro de datos ofrece soluciones modulares integradas, maximizando confiabilidad y eficiencia para su infraestructura.","robots":{"index":"index","follow":"follow","max-snippet":"max-snippet:-1","max-image-preview":"max-image-preview:large","max-video-preview":"max-video-preview:-1"},"canonical":"https:\/\/siemi.com.py\/index.php\/2023\/08\/24\/centro-de-datos\/","og_locale":"es_ES","og_type":"article","og_title":"Centro de datos modulares integrados maximiza los beneficios operativos &#8211; SIEMI S.R.L.","og_description":"Centro de datos ofrece soluciones modulares integradas, maximizando confiabilidad y eficiencia para su infraestructura.","og_url":"https:\/\/siemi.com.py\/index.php\/2023\/08\/24\/centro-de-datos\/","og_site_name":"SIEMI S.R.L.","article_publisher":"https:\/\/www.facebook.com\/siemi.py\/","article_published_time":"2023-08-24T12:53:47+00:00","article_modified_time":"2024-11-20T12:30:54+00:00","og_image":[{"width":1600,"height":480,"url":"https:\/\/siemi.com.py\/wp-content\/uploads\/2023\/08\/data-center.jpg","type":"image\/jpeg"}],"author":"admin","twitter_card":"summary_large_image","twitter_misc":{"Escrito por":"admin","Tiempo de lectura":"5 minutos"},"schema":{"@context":"https:\/\/schema.org","@graph":[{"@type":"Article","@id":"https:\/\/siemi.com.py\/index.php\/2023\/08\/24\/centro-de-datos\/#article","isPartOf":{"@id":"https:\/\/siemi.com.py\/index.php\/2023\/08\/24\/centro-de-datos\/"},"author":{"name":"admin","@id":"https:\/\/siemi.com.py\/#\/schema\/person\/7b2e63159232c0bc5430da6b3489db6c"},"headline":"Centro de datos modulares integrados maximiza los beneficios operativos","datePublished":"2023-08-24T12:53:47+00:00","dateModified":"2024-11-20T12:30:54+00:00","mainEntityOfPage":{"@id":"https:\/\/siemi.com.py\/index.php\/2023\/08\/24\/centro-de-datos\/"},"wordCount":1596,"commentCount":0,"publisher":{"@id":"https:\/\/siemi.com.py\/#organization"},"image":{"@id":"https:\/\/siemi.com.py\/index.php\/2023\/08\/24\/centro-de-datos\/#primaryimage"},"thumbnailUrl":"https:\/\/siemi.com.py\/wp-content\/uploads\/2023\/08\/data-center.jpg","articleSection":["Informativas"],"inLanguage":"es","potentialAction":[{"@type":"CommentAction","name":"Comment","target":["https:\/\/siemi.com.py\/index.php\/2023\/08\/24\/centro-de-datos\/#respond"]}]},{"@type":"WebPage","@id":"https:\/\/siemi.com.py\/index.php\/2023\/08\/24\/centro-de-datos\/","url":"https:\/\/siemi.com.py\/index.php\/2023\/08\/24\/centro-de-datos\/","name":"Centro de datos modulares integrados maximiza los beneficios operativos &#8211; SIEMI S.R.L.","isPartOf":{"@id":"https:\/\/siemi.com.py\/#website"},"primaryImageOfPage":{"@id":"https:\/\/siemi.com.py\/index.php\/2023\/08\/24\/centro-de-datos\/#primaryimage"},"image":{"@id":"https:\/\/siemi.com.py\/index.php\/2023\/08\/24\/centro-de-datos\/#primaryimage"},"thumbnailUrl":"https:\/\/siemi.com.py\/wp-content\/uploads\/2023\/08\/data-center.jpg","datePublished":"2023-08-24T12:53:47+00:00","dateModified":"2024-11-20T12:30:54+00:00","description":"Centro de datos ofrece soluciones modulares integradas, maximizando confiabilidad y eficiencia para su infraestructura.","breadcrumb":{"@id":"https:\/\/siemi.com.py\/index.php\/2023\/08\/24\/centro-de-datos\/#breadcrumb"},"inLanguage":"es","potentialAction":[{"@type":"ReadAction","target":["https:\/\/siemi.com.py\/index.php\/2023\/08\/24\/centro-de-datos\/"]}]},{"@type":"ImageObject","inLanguage":"es","@id":"https:\/\/siemi.com.py\/index.php\/2023\/08\/24\/centro-de-datos\/#primaryimage","url":"https:\/\/siemi.com.py\/wp-content\/uploads\/2023\/08\/data-center.jpg","contentUrl":"https:\/\/siemi.com.py\/wp-content\/uploads\/2023\/08\/data-center.jpg","width":1600,"height":480,"caption":"Data Center Paraguay Siemi"},{"@type":"BreadcrumbList","@id":"https:\/\/siemi.com.py\/index.php\/2023\/08\/24\/centro-de-datos\/#breadcrumb","itemListElement":[{"@type":"ListItem","position":1,"name":"Portada","item":"https:\/\/siemi.com.py\/"},{"@type":"ListItem","position":2,"name":"Centro de datos modulares integrados maximiza los beneficios operativos"}]},{"@type":"WebSite","@id":"https:\/\/siemi.com.py\/#website","url":"https:\/\/siemi.com.py\/","name":"SIEMI S.R.L.","description":"Soluciones El\u00e9ctricas y Electromec\u00e1nicas","publisher":{"@id":"https:\/\/siemi.com.py\/#organization"},"potentialAction":[{"@type":"SearchAction","target":{"@type":"EntryPoint","urlTemplate":"https:\/\/siemi.com.py\/?s={search_term_string}"},"query-input":{"@type":"PropertyValueSpecification","valueRequired":true,"valueName":"search_term_string"}}],"inLanguage":"es"},{"@type":"Organization","@id":"https:\/\/siemi.com.py\/#organization","name":"SIEMI S.R.L","url":"https:\/\/siemi.com.py\/","logo":{"@type":"ImageObject","inLanguage":"es","@id":"https:\/\/siemi.com.py\/#\/schema\/logo\/image\/","url":"https:\/\/siemi.com.py\/wp-content\/uploads\/2021\/09\/Sin-Fondo-.-Celeste.png","contentUrl":"https:\/\/siemi.com.py\/wp-content\/uploads\/2021\/09\/Sin-Fondo-.-Celeste.png","width":993,"height":293,"caption":"SIEMI S.R.L"},"image":{"@id":"https:\/\/siemi.com.py\/#\/schema\/logo\/image\/"},"sameAs":["https:\/\/www.facebook.com\/siemi.py\/","https:\/\/www.instagram.com\/siemi.py\/","https:\/\/www.linkedin.com\/company\/siemisrl\/"]},{"@type":"Person","@id":"https:\/\/siemi.com.py\/#\/schema\/person\/7b2e63159232c0bc5430da6b3489db6c","name":"admin","image":{"@type":"ImageObject","inLanguage":"es","@id":"https:\/\/secure.gravatar.com\/avatar\/b76d48d3150ce28d09b7a4c7ea3525f3584ac8680c23a21cf35aa3451360a662?s=96&d=mm&r=g","url":"https:\/\/secure.gravatar.com\/avatar\/b76d48d3150ce28d09b7a4c7ea3525f3584ac8680c23a21cf35aa3451360a662?s=96&d=mm&r=g","contentUrl":"https:\/\/secure.gravatar.com\/avatar\/b76d48d3150ce28d09b7a4c7ea3525f3584ac8680c23a21cf35aa3451360a662?s=96&d=mm&r=g","caption":"admin"},"sameAs":["https:\/\/siemi.com.py"],"url":"https:\/\/siemi.com.py\/index.php\/author\/estebandavidat\/"}]}},"_links":{"self":[{"href":"https:\/\/siemi.com.py\/index.php\/wp-json\/wp\/v2\/posts\/3916","targetHints":{"allow":["GET"]}}],"collection":[{"href":"https:\/\/siemi.com.py\/index.php\/wp-json\/wp\/v2\/posts"}],"about":[{"href":"https:\/\/siemi.com.py\/index.php\/wp-json\/wp\/v2\/types\/post"}],"author":[{"embeddable":true,"href":"https:\/\/siemi.com.py\/index.php\/wp-json\/wp\/v2\/users\/1"}],"replies":[{"embeddable":true,"href":"https:\/\/siemi.com.py\/index.php\/wp-json\/wp\/v2\/comments?post=3916"}],"version-history":[{"count":10,"href":"https:\/\/siemi.com.py\/index.php\/wp-json\/wp\/v2\/posts\/3916\/revisions"}],"predecessor-version":[{"id":4347,"href":"https:\/\/siemi.com.py\/index.php\/wp-json\/wp\/v2\/posts\/3916\/revisions\/4347"}],"wp:featuredmedia":[{"embeddable":true,"href":"https:\/\/siemi.com.py\/index.php\/wp-json\/wp\/v2\/media\/3919"}],"wp:attachment":[{"href":"https:\/\/siemi.com.py\/index.php\/wp-json\/wp\/v2\/media?parent=3916"}],"wp:term":[{"taxonomy":"category","embeddable":true,"href":"https:\/\/siemi.com.py\/index.php\/wp-json\/wp\/v2\/categories?post=3916"},{"taxonomy":"post_tag","embeddable":true,"href":"https:\/\/siemi.com.py\/index.php\/wp-json\/wp\/v2\/tags?post=3916"}],"curies":[{"name":"wp","href":"https:\/\/api.w.org\/{rel}","templated":true}]}}