{"id":4569,"date":"2025-03-03T08:00:58","date_gmt":"2025-03-03T08:00:58","guid":{"rendered":"https:\/\/siemi.com.py\/?p=4569"},"modified":"2025-02-25T17:32:51","modified_gmt":"2025-02-25T17:32:51","slug":"por-que-medir-y-monitorear-el-consumo-de-energia","status":"publish","type":"post","link":"https:\/\/siemi.com.py\/index.php\/2025\/03\/03\/por-que-medir-y-monitorear-el-consumo-de-energia\/","title":{"rendered":"\u00bfPor qu\u00e9 medir y monitorear el consumo de energ\u00eda?"},"content":{"rendered":"<p>En un entorno empresarial cada vez m\u00e1s enfocado en la eficiencia operativa y la sostenibilidad, medir y monitorear el consumo de energ\u00eda se ha convertido en una pr\u00e1ctica esencial. Esta estrategia no solo permite un mejor control de los costos, sino que tambi\u00e9n optimiza el uso de los recursos, previene fallos y contribuye a la eficiencia general de las operaciones. Entonces, \u00bfpor qu\u00e9 medir y monitorear el consumo de energ\u00eda es tan importante para tu empresa?<\/p>\n<h2>\n\u00bfPor qu\u00e9 medir y monitorear el consumo de energ\u00eda mejora la eficiencia?<\/h2>\n<p>El monitoreo del consumo energ\u00e9tico brinda datos precisos sobre c\u00f3mo y d\u00f3nde se utiliza la electricidad en tu empresa. Esto facilita la identificaci\u00f3n de equipos ineficientes o patrones de uso excesivo, lo que permite:<\/p>\n<ul>\n<li>Reducci\u00f3n de costos operativos: Al detectar ineficiencias, puedes implementar acciones correctivas para disminuir el gasto energ\u00e9tico.<\/li>\n<li>Prevenci\u00f3n de sobrecargas: Un monitoreo continuo ayuda a identificar posibles fallos<br \/>\nantes de que afecten tus operaciones.<\/li>\n<li>Optimizaci\u00f3n de recursos: Al conocer el consumo exacto, puedes planificar mejor la<br \/>\ndistribuci\u00f3n de la carga el\u00e9ctrica.<\/li>\n<\/ul>\n<h2>Beneficios clave de medir y monitorear el consumo de energ\u00eda<\/h2>\n<p>1. Mayor control operativo: Al monitorear la energ\u00eda en tiempo real, puedes realizar ajustes<br \/>\ninmediatos en la operaci\u00f3n de tus equipos.<br \/>\n2. Sostenibilidad y eficiencia: Reducir el consumo energ\u00e9tico no solo disminuye costos, sino<br \/>\nque tambi\u00e9n reduce la huella de carbono de tu empresa.<br \/>\n3. Cumplimiento normativo: En muchos sectores, medir el consumo de energ\u00eda es un<br \/>\nrequisito para cumplir con normativas ambientales y de seguridad.<\/p>\n<h2>\n\u00bfC\u00f3mo implementar un sistema de monitoreo eficiente?<\/h2>\n<p>Para implementar un sistema efectivo, es recomendable utilizar soluciones avanzadas como los sistemas de monitoreo de energ\u00eda <a href=\"https:\/\/siemi.com.py\/index.php\/2025\/02\/03\/la-tecnologia-de-socomec\/\">Socomec<\/a>, que brindan datos en tiempo real y facilitan la toma de decisiones informadas. Estos equipos, junto con una correcta instalaci\u00f3n y mantenimiento, pueden marcar la diferencia en la eficiencia energ\u00e9tica de tu empresa.<\/p>\n<p>En SIEMI, ofrecemos soluciones especializadas en monitoreo de energ\u00eda y asesor\u00eda t\u00e9cnica para empresas que buscan optimizar su consumo el\u00e9ctrico. Visita nuestra p\u00e1gina de <a href=\"https:\/\/siemi.com.py\/index.php\/monitoreo-de-energia\/\">Monitoreo de Energ\u00eda<\/a> y descubre c\u00f3mo podemos ayudarte a mejorar la eficiencia de tu empresa.<\/p>\n<p>\u00bfPor qu\u00e9 medir y monitorear el consumo de energ\u00eda? La respuesta est\u00e1 en la eficiencia, el control y la sostenibilidad. \u00a1Invierte en la mejora continua de tu infraestructura el\u00e9ctrica!<\/p>\n","protected":false},"excerpt":{"rendered":"<p>En un entorno empresarial cada vez m\u00e1s enfocado en la eficiencia operativa y la sostenibilidad, medir y monitorear el consumo de energ\u00eda se ha convertido en una pr\u00e1ctica esencial. Esta estrategia no solo permite un mejor control de los costos, sino que tambi\u00e9n optimiza el uso de los recursos, previene fallos y contribuye a la eficiencia general de las operaciones. Entonces, \u00bfpor qu\u00e9 medir y monitorear el consumo de energ\u00eda es tan importante para tu empresa? \u00bfPor qu\u00e9 medir y [&hellip;]<\/p>\n","protected":false},"author":2,"featured_media":4570,"comment_status":"open","ping_status":"closed","sticky":false,"template":"","format":"standard","meta":{"_joinchat":[],"footnotes":""},"categories":[1],"tags":[82,77],"class_list":["post-4569","post","type-post","status-publish","format-standard","has-post-thumbnail","hentry","category-uncategorized","tag-monitoreo-de-energia","tag-socomec"],"yoast_head":"<!-- This site is optimized with the Yoast SEO plugin v27.5 - https:\/\/yoast.com\/product\/yoast-seo-wordpress\/ -->\n<title>\u00bfPor qu\u00e9 medir y monitorear el consumo de energ\u00eda? &#8211; SIEMI S.R.L.<\/title>\n<meta name=\"description\" content=\"Esta estrategia permite un mejor control de los costos, optimiza el uso de los recursos, previene fallos y contribuye a la eficiencia general\" \/>\n<meta name=\"robots\" content=\"index, follow, max-snippet:-1, max-image-preview:large, max-video-preview:-1\" \/>\n<link rel=\"canonical\" href=\"https:\/\/siemi.com.py\/index.php\/2025\/03\/03\/por-que-medir-y-monitorear-el-consumo-de-energia\/\" \/>\n<meta property=\"og:locale\" content=\"es_ES\" \/>\n<meta property=\"og:type\" content=\"article\" \/>\n<meta property=\"og:title\" content=\"\u00bfPor qu\u00e9 medir y monitorear el consumo de energ\u00eda? &#8211; SIEMI S.R.L.\" \/>\n<meta property=\"og:description\" content=\"Esta estrategia permite un mejor control de los costos, optimiza el uso de los recursos, previene fallos y contribuye a la eficiencia general\" \/>\n<meta property=\"og:url\" content=\"https:\/\/siemi.com.py\/index.php\/2025\/03\/03\/por-que-medir-y-monitorear-el-consumo-de-energia\/\" \/>\n<meta property=\"og:site_name\" content=\"SIEMI S.R.L.\" \/>\n<meta property=\"article:publisher\" content=\"https:\/\/www.facebook.com\/siemi.py\/\" \/>\n<meta property=\"article:published_time\" content=\"2025-03-03T08:00:58+00:00\" \/>\n<meta property=\"og:image\" content=\"https:\/\/siemi.com.py\/wp-content\/uploads\/2025\/02\/IMG_4117.webp\" \/>\n\t<meta property=\"og:image:width\" content=\"540\" \/>\n\t<meta property=\"og:image:height\" content=\"540\" \/>\n\t<meta property=\"og:image:type\" content=\"image\/webp\" \/>\n<meta name=\"author\" content=\"Noelia Fleitas\" \/>\n<meta name=\"twitter:card\" content=\"summary_large_image\" \/>\n<meta name=\"twitter:label1\" content=\"Escrito por\" \/>\n\t<meta name=\"twitter:data1\" content=\"Noelia Fleitas\" \/>\n\t<meta name=\"twitter:label2\" content=\"Tiempo de lectura\" \/>\n\t<meta name=\"twitter:data2\" content=\"2 minutos\" \/>\n<script type=\"application\/ld+json\" class=\"yoast-schema-graph\">{\"@context\":\"https:\\\/\\\/schema.org\",\"@graph\":[{\"@type\":\"Article\",\"@id\":\"https:\\\/\\\/siemi.com.py\\\/index.php\\\/2025\\\/03\\\/03\\\/por-que-medir-y-monitorear-el-consumo-de-energia\\\/#article\",\"isPartOf\":{\"@id\":\"https:\\\/\\\/siemi.com.py\\\/index.php\\\/2025\\\/03\\\/03\\\/por-que-medir-y-monitorear-el-consumo-de-energia\\\/\"},\"author\":{\"name\":\"Noelia Fleitas\",\"@id\":\"https:\\\/\\\/siemi.com.py\\\/#\\\/schema\\\/person\\\/17f30f9378f79d3d2a0689c0f6312bae\"},\"headline\":\"\u00bfPor qu\u00e9 medir y monitorear el consumo de energ\u00eda?\",\"datePublished\":\"2025-03-03T08:00:58+00:00\",\"mainEntityOfPage\":{\"@id\":\"https:\\\/\\\/siemi.com.py\\\/index.php\\\/2025\\\/03\\\/03\\\/por-que-medir-y-monitorear-el-consumo-de-energia\\\/\"},\"wordCount\":416,\"commentCount\":0,\"publisher\":{\"@id\":\"https:\\\/\\\/siemi.com.py\\\/#organization\"},\"image\":{\"@id\":\"https:\\\/\\\/siemi.com.py\\\/index.php\\\/2025\\\/03\\\/03\\\/por-que-medir-y-monitorear-el-consumo-de-energia\\\/#primaryimage\"},\"thumbnailUrl\":\"https:\\\/\\\/siemi.com.py\\\/wp-content\\\/uploads\\\/2025\\\/02\\\/IMG_4117.webp\",\"keywords\":[\"Monitoreo de Energ\u00eda\",\"Socomec\"],\"articleSection\":[\"Uncategorized\"],\"inLanguage\":\"es\",\"potentialAction\":[{\"@type\":\"CommentAction\",\"name\":\"Comment\",\"target\":[\"https:\\\/\\\/siemi.com.py\\\/index.php\\\/2025\\\/03\\\/03\\\/por-que-medir-y-monitorear-el-consumo-de-energia\\\/#respond\"]}]},{\"@type\":\"WebPage\",\"@id\":\"https:\\\/\\\/siemi.com.py\\\/index.php\\\/2025\\\/03\\\/03\\\/por-que-medir-y-monitorear-el-consumo-de-energia\\\/\",\"url\":\"https:\\\/\\\/siemi.com.py\\\/index.php\\\/2025\\\/03\\\/03\\\/por-que-medir-y-monitorear-el-consumo-de-energia\\\/\",\"name\":\"\u00bfPor qu\u00e9 medir y monitorear el consumo de energ\u00eda? &#8211; SIEMI S.R.L.\",\"isPartOf\":{\"@id\":\"https:\\\/\\\/siemi.com.py\\\/#website\"},\"primaryImageOfPage\":{\"@id\":\"https:\\\/\\\/siemi.com.py\\\/index.php\\\/2025\\\/03\\\/03\\\/por-que-medir-y-monitorear-el-consumo-de-energia\\\/#primaryimage\"},\"image\":{\"@id\":\"https:\\\/\\\/siemi.com.py\\\/index.php\\\/2025\\\/03\\\/03\\\/por-que-medir-y-monitorear-el-consumo-de-energia\\\/#primaryimage\"},\"thumbnailUrl\":\"https:\\\/\\\/siemi.com.py\\\/wp-content\\\/uploads\\\/2025\\\/02\\\/IMG_4117.webp\",\"datePublished\":\"2025-03-03T08:00:58+00:00\",\"description\":\"Esta estrategia permite un mejor control de los costos, optimiza el uso de los recursos, previene fallos y contribuye a la eficiencia general\",\"breadcrumb\":{\"@id\":\"https:\\\/\\\/siemi.com.py\\\/index.php\\\/2025\\\/03\\\/03\\\/por-que-medir-y-monitorear-el-consumo-de-energia\\\/#breadcrumb\"},\"inLanguage\":\"es\",\"potentialAction\":[{\"@type\":\"ReadAction\",\"target\":[\"https:\\\/\\\/siemi.com.py\\\/index.php\\\/2025\\\/03\\\/03\\\/por-que-medir-y-monitorear-el-consumo-de-energia\\\/\"]}]},{\"@type\":\"ImageObject\",\"inLanguage\":\"es\",\"@id\":\"https:\\\/\\\/siemi.com.py\\\/index.php\\\/2025\\\/03\\\/03\\\/por-que-medir-y-monitorear-el-consumo-de-energia\\\/#primaryimage\",\"url\":\"https:\\\/\\\/siemi.com.py\\\/wp-content\\\/uploads\\\/2025\\\/02\\\/IMG_4117.webp\",\"contentUrl\":\"https:\\\/\\\/siemi.com.py\\\/wp-content\\\/uploads\\\/2025\\\/02\\\/IMG_4117.webp\",\"width\":540,\"height\":540,\"caption\":\"Monitoreo de Energ\u00eda Socomec\"},{\"@type\":\"BreadcrumbList\",\"@id\":\"https:\\\/\\\/siemi.com.py\\\/index.php\\\/2025\\\/03\\\/03\\\/por-que-medir-y-monitorear-el-consumo-de-energia\\\/#breadcrumb\",\"itemListElement\":[{\"@type\":\"ListItem\",\"position\":1,\"name\":\"Portada\",\"item\":\"https:\\\/\\\/siemi.com.py\\\/\"},{\"@type\":\"ListItem\",\"position\":2,\"name\":\"\u00bfPor qu\u00e9 medir y monitorear el consumo de energ\u00eda?\"}]},{\"@type\":\"WebSite\",\"@id\":\"https:\\\/\\\/siemi.com.py\\\/#website\",\"url\":\"https:\\\/\\\/siemi.com.py\\\/\",\"name\":\"SIEMI S.R.L.\",\"description\":\"Soluciones El\u00e9ctricas y Electromec\u00e1nicas\",\"publisher\":{\"@id\":\"https:\\\/\\\/siemi.com.py\\\/#organization\"},\"potentialAction\":[{\"@type\":\"SearchAction\",\"target\":{\"@type\":\"EntryPoint\",\"urlTemplate\":\"https:\\\/\\\/siemi.com.py\\\/?s={search_term_string}\"},\"query-input\":{\"@type\":\"PropertyValueSpecification\",\"valueRequired\":true,\"valueName\":\"search_term_string\"}}],\"inLanguage\":\"es\"},{\"@type\":\"Organization\",\"@id\":\"https:\\\/\\\/siemi.com.py\\\/#organization\",\"name\":\"SIEMI S.R.L\",\"url\":\"https:\\\/\\\/siemi.com.py\\\/\",\"logo\":{\"@type\":\"ImageObject\",\"inLanguage\":\"es\",\"@id\":\"https:\\\/\\\/siemi.com.py\\\/#\\\/schema\\\/logo\\\/image\\\/\",\"url\":\"https:\\\/\\\/siemi.com.py\\\/wp-content\\\/uploads\\\/2021\\\/09\\\/Sin-Fondo-.-Celeste.png\",\"contentUrl\":\"https:\\\/\\\/siemi.com.py\\\/wp-content\\\/uploads\\\/2021\\\/09\\\/Sin-Fondo-.-Celeste.png\",\"width\":993,\"height\":293,\"caption\":\"SIEMI S.R.L\"},\"image\":{\"@id\":\"https:\\\/\\\/siemi.com.py\\\/#\\\/schema\\\/logo\\\/image\\\/\"},\"sameAs\":[\"https:\\\/\\\/www.facebook.com\\\/siemi.py\\\/\",\"https:\\\/\\\/www.instagram.com\\\/siemi.py\\\/\",\"https:\\\/\\\/www.linkedin.com\\\/company\\\/siemisrl\\\/\"]},{\"@type\":\"Person\",\"@id\":\"https:\\\/\\\/siemi.com.py\\\/#\\\/schema\\\/person\\\/17f30f9378f79d3d2a0689c0f6312bae\",\"name\":\"Noelia Fleitas\",\"image\":{\"@type\":\"ImageObject\",\"inLanguage\":\"es\",\"@id\":\"https:\\\/\\\/secure.gravatar.com\\\/avatar\\\/b48d1898c215d125655eb152ec4bb99451fea39302cae3d85a208516f4de9beb?s=96&d=mm&r=g\",\"url\":\"https:\\\/\\\/secure.gravatar.com\\\/avatar\\\/b48d1898c215d125655eb152ec4bb99451fea39302cae3d85a208516f4de9beb?s=96&d=mm&r=g\",\"contentUrl\":\"https:\\\/\\\/secure.gravatar.com\\\/avatar\\\/b48d1898c215d125655eb152ec4bb99451fea39302cae3d85a208516f4de9beb?s=96&d=mm&r=g\",\"caption\":\"Noelia Fleitas\"},\"sameAs\":[\"https:\\\/\\\/siemi.com.py\"],\"url\":\"https:\\\/\\\/siemi.com.py\\\/index.php\\\/author\\\/noeliafleitas\\\/\"}]}<\/script>\n<!-- \/ Yoast SEO plugin. -->","yoast_head_json":{"title":"\u00bfPor qu\u00e9 medir y monitorear el consumo de energ\u00eda? &#8211; SIEMI S.R.L.","description":"Esta estrategia permite un mejor control de los costos, optimiza el uso de los recursos, previene fallos y contribuye a la eficiencia general","robots":{"index":"index","follow":"follow","max-snippet":"max-snippet:-1","max-image-preview":"max-image-preview:large","max-video-preview":"max-video-preview:-1"},"canonical":"https:\/\/siemi.com.py\/index.php\/2025\/03\/03\/por-que-medir-y-monitorear-el-consumo-de-energia\/","og_locale":"es_ES","og_type":"article","og_title":"\u00bfPor qu\u00e9 medir y monitorear el consumo de energ\u00eda? &#8211; SIEMI S.R.L.","og_description":"Esta estrategia permite un mejor control de los costos, optimiza el uso de los recursos, previene fallos y contribuye a la eficiencia general","og_url":"https:\/\/siemi.com.py\/index.php\/2025\/03\/03\/por-que-medir-y-monitorear-el-consumo-de-energia\/","og_site_name":"SIEMI S.R.L.","article_publisher":"https:\/\/www.facebook.com\/siemi.py\/","article_published_time":"2025-03-03T08:00:58+00:00","og_image":[{"width":540,"height":540,"url":"https:\/\/siemi.com.py\/wp-content\/uploads\/2025\/02\/IMG_4117.webp","type":"image\/webp"}],"author":"Noelia Fleitas","twitter_card":"summary_large_image","twitter_misc":{"Escrito por":"Noelia Fleitas","Tiempo de lectura":"2 minutos"},"schema":{"@context":"https:\/\/schema.org","@graph":[{"@type":"Article","@id":"https:\/\/siemi.com.py\/index.php\/2025\/03\/03\/por-que-medir-y-monitorear-el-consumo-de-energia\/#article","isPartOf":{"@id":"https:\/\/siemi.com.py\/index.php\/2025\/03\/03\/por-que-medir-y-monitorear-el-consumo-de-energia\/"},"author":{"name":"Noelia Fleitas","@id":"https:\/\/siemi.com.py\/#\/schema\/person\/17f30f9378f79d3d2a0689c0f6312bae"},"headline":"\u00bfPor qu\u00e9 medir y monitorear el consumo de energ\u00eda?","datePublished":"2025-03-03T08:00:58+00:00","mainEntityOfPage":{"@id":"https:\/\/siemi.com.py\/index.php\/2025\/03\/03\/por-que-medir-y-monitorear-el-consumo-de-energia\/"},"wordCount":416,"commentCount":0,"publisher":{"@id":"https:\/\/siemi.com.py\/#organization"},"image":{"@id":"https:\/\/siemi.com.py\/index.php\/2025\/03\/03\/por-que-medir-y-monitorear-el-consumo-de-energia\/#primaryimage"},"thumbnailUrl":"https:\/\/siemi.com.py\/wp-content\/uploads\/2025\/02\/IMG_4117.webp","keywords":["Monitoreo de Energ\u00eda","Socomec"],"articleSection":["Uncategorized"],"inLanguage":"es","potentialAction":[{"@type":"CommentAction","name":"Comment","target":["https:\/\/siemi.com.py\/index.php\/2025\/03\/03\/por-que-medir-y-monitorear-el-consumo-de-energia\/#respond"]}]},{"@type":"WebPage","@id":"https:\/\/siemi.com.py\/index.php\/2025\/03\/03\/por-que-medir-y-monitorear-el-consumo-de-energia\/","url":"https:\/\/siemi.com.py\/index.php\/2025\/03\/03\/por-que-medir-y-monitorear-el-consumo-de-energia\/","name":"\u00bfPor qu\u00e9 medir y monitorear el consumo de energ\u00eda? &#8211; SIEMI S.R.L.","isPartOf":{"@id":"https:\/\/siemi.com.py\/#website"},"primaryImageOfPage":{"@id":"https:\/\/siemi.com.py\/index.php\/2025\/03\/03\/por-que-medir-y-monitorear-el-consumo-de-energia\/#primaryimage"},"image":{"@id":"https:\/\/siemi.com.py\/index.php\/2025\/03\/03\/por-que-medir-y-monitorear-el-consumo-de-energia\/#primaryimage"},"thumbnailUrl":"https:\/\/siemi.com.py\/wp-content\/uploads\/2025\/02\/IMG_4117.webp","datePublished":"2025-03-03T08:00:58+00:00","description":"Esta estrategia permite un mejor control de los costos, optimiza el uso de los recursos, previene fallos y contribuye a la eficiencia general","breadcrumb":{"@id":"https:\/\/siemi.com.py\/index.php\/2025\/03\/03\/por-que-medir-y-monitorear-el-consumo-de-energia\/#breadcrumb"},"inLanguage":"es","potentialAction":[{"@type":"ReadAction","target":["https:\/\/siemi.com.py\/index.php\/2025\/03\/03\/por-que-medir-y-monitorear-el-consumo-de-energia\/"]}]},{"@type":"ImageObject","inLanguage":"es","@id":"https:\/\/siemi.com.py\/index.php\/2025\/03\/03\/por-que-medir-y-monitorear-el-consumo-de-energia\/#primaryimage","url":"https:\/\/siemi.com.py\/wp-content\/uploads\/2025\/02\/IMG_4117.webp","contentUrl":"https:\/\/siemi.com.py\/wp-content\/uploads\/2025\/02\/IMG_4117.webp","width":540,"height":540,"caption":"Monitoreo de Energ\u00eda Socomec"},{"@type":"BreadcrumbList","@id":"https:\/\/siemi.com.py\/index.php\/2025\/03\/03\/por-que-medir-y-monitorear-el-consumo-de-energia\/#breadcrumb","itemListElement":[{"@type":"ListItem","position":1,"name":"Portada","item":"https:\/\/siemi.com.py\/"},{"@type":"ListItem","position":2,"name":"\u00bfPor qu\u00e9 medir y monitorear el consumo de energ\u00eda?"}]},{"@type":"WebSite","@id":"https:\/\/siemi.com.py\/#website","url":"https:\/\/siemi.com.py\/","name":"SIEMI S.R.L.","description":"Soluciones El\u00e9ctricas y Electromec\u00e1nicas","publisher":{"@id":"https:\/\/siemi.com.py\/#organization"},"potentialAction":[{"@type":"SearchAction","target":{"@type":"EntryPoint","urlTemplate":"https:\/\/siemi.com.py\/?s={search_term_string}"},"query-input":{"@type":"PropertyValueSpecification","valueRequired":true,"valueName":"search_term_string"}}],"inLanguage":"es"},{"@type":"Organization","@id":"https:\/\/siemi.com.py\/#organization","name":"SIEMI S.R.L","url":"https:\/\/siemi.com.py\/","logo":{"@type":"ImageObject","inLanguage":"es","@id":"https:\/\/siemi.com.py\/#\/schema\/logo\/image\/","url":"https:\/\/siemi.com.py\/wp-content\/uploads\/2021\/09\/Sin-Fondo-.-Celeste.png","contentUrl":"https:\/\/siemi.com.py\/wp-content\/uploads\/2021\/09\/Sin-Fondo-.-Celeste.png","width":993,"height":293,"caption":"SIEMI S.R.L"},"image":{"@id":"https:\/\/siemi.com.py\/#\/schema\/logo\/image\/"},"sameAs":["https:\/\/www.facebook.com\/siemi.py\/","https:\/\/www.instagram.com\/siemi.py\/","https:\/\/www.linkedin.com\/company\/siemisrl\/"]},{"@type":"Person","@id":"https:\/\/siemi.com.py\/#\/schema\/person\/17f30f9378f79d3d2a0689c0f6312bae","name":"Noelia Fleitas","image":{"@type":"ImageObject","inLanguage":"es","@id":"https:\/\/secure.gravatar.com\/avatar\/b48d1898c215d125655eb152ec4bb99451fea39302cae3d85a208516f4de9beb?s=96&d=mm&r=g","url":"https:\/\/secure.gravatar.com\/avatar\/b48d1898c215d125655eb152ec4bb99451fea39302cae3d85a208516f4de9beb?s=96&d=mm&r=g","contentUrl":"https:\/\/secure.gravatar.com\/avatar\/b48d1898c215d125655eb152ec4bb99451fea39302cae3d85a208516f4de9beb?s=96&d=mm&r=g","caption":"Noelia Fleitas"},"sameAs":["https:\/\/siemi.com.py"],"url":"https:\/\/siemi.com.py\/index.php\/author\/noeliafleitas\/"}]}},"_links":{"self":[{"href":"https:\/\/siemi.com.py\/index.php\/wp-json\/wp\/v2\/posts\/4569","targetHints":{"allow":["GET"]}}],"collection":[{"href":"https:\/\/siemi.com.py\/index.php\/wp-json\/wp\/v2\/posts"}],"about":[{"href":"https:\/\/siemi.com.py\/index.php\/wp-json\/wp\/v2\/types\/post"}],"author":[{"embeddable":true,"href":"https:\/\/siemi.com.py\/index.php\/wp-json\/wp\/v2\/users\/2"}],"replies":[{"embeddable":true,"href":"https:\/\/siemi.com.py\/index.php\/wp-json\/wp\/v2\/comments?post=4569"}],"version-history":[{"count":1,"href":"https:\/\/siemi.com.py\/index.php\/wp-json\/wp\/v2\/posts\/4569\/revisions"}],"predecessor-version":[{"id":4571,"href":"https:\/\/siemi.com.py\/index.php\/wp-json\/wp\/v2\/posts\/4569\/revisions\/4571"}],"wp:featuredmedia":[{"embeddable":true,"href":"https:\/\/siemi.com.py\/index.php\/wp-json\/wp\/v2\/media\/4570"}],"wp:attachment":[{"href":"https:\/\/siemi.com.py\/index.php\/wp-json\/wp\/v2\/media?parent=4569"}],"wp:term":[{"taxonomy":"category","embeddable":true,"href":"https:\/\/siemi.com.py\/index.php\/wp-json\/wp\/v2\/categories?post=4569"},{"taxonomy":"post_tag","embeddable":true,"href":"https:\/\/siemi.com.py\/index.php\/wp-json\/wp\/v2\/tags?post=4569"}],"curies":[{"name":"wp","href":"https:\/\/api.w.org\/{rel}","templated":true}]}}